{"id":1448,"date":"2024-03-22T09:39:54","date_gmt":"2024-03-22T12:39:54","guid":{"rendered":"https:\/\/www.jasaudeanimal.com.br\/blog\/?p=1448"},"modified":"2024-06-04T14:27:23","modified_gmt":"2024-06-04T17:27:23","slug":"afeccoes-podais-ulcera-de-sola-em-vacas-leiteiras","status":"publish","type":"post","link":"https:\/\/www.jasaudeanimal.com.br\/blog\/afeccoes-podais-ulcera-de-sola-em-vacas-leiteiras","title":{"rendered":"Afec\u00e7\u00f5es podais: \u00dalcera de Sola em vacas leiteiras"},"content":{"rendered":"\n<div style=\"height:18px\" aria-hidden=\"true\" class=\"wp-block-spacer\"><\/div>\n\n\n\n<p>As <strong>\u00dalceras de Sola<\/strong> causam preocupa\u00e7\u00e3o aos produtores de leite em todo o mundo. Essa condi\u00e7\u00e3o n\u00e3o afeta apenas o bem-estar das vacas, mas pode gerar perdas econ\u00f4micas substanciais \u00e0s fazendas. Confira detalhes no artigo a seguir!<\/p>\n\n\n\n<figure class=\"wp-block-audio\"><audio controls src=\"https:\/\/www.jasaudeanimal.com.br\/blog\/wp-content\/uploads\/2024\/03\/Video-sem-titulo-\u2010-Feito-com-o-Clipchamp.mp4\"><\/audio><\/figure>\n\n\n\n<h2 class=\"wp-block-heading has-text-align-left\"><strong>Introdu\u00e7\u00e3o<\/strong><\/h2>\n\n\n\n<div style=\"height:18px\" aria-hidden=\"true\" class=\"wp-block-spacer\"><\/div>\n\n\n\n<p>A bovinocultura leiteira apresenta grande relev\u00e2ncia na economia do Brasil, pa\u00eds que est\u00e1 entre os principais produtores de leite do mundo. Nesse contexto, dentre os problemas mais comuns que amea\u00e7am a produtividade das vacas leiteiras est\u00e3o as doen\u00e7as podais. Uma das doen\u00e7as podais de maior ocorr\u00eancia \u00e9 a <strong>Pododermatite Circunscrita, tamb\u00e9m conhecida como \u00dalcera de Sola<\/strong>. Essa afec\u00e7\u00e3o ocorre devido ao enfraquecimento do tecido c\u00f3rneo na regi\u00e3o, provocando desconforto significativo e uma s\u00e9rie de outras consequ\u00eancias negativas.<\/p>\n\n\n\n<div style=\"height:18px\" aria-hidden=\"true\" class=\"wp-block-spacer\"><\/div>\n\n\n\n<p>De forma geral, os animais acometidos permanecem em dec\u00fabito por longos per\u00edodos, o que compromete at\u00e9 mesmo uma alimenta\u00e7\u00e3o regular, favorece o aparecimento de outras doen\u00e7as como a Mastite, prejudicando por consequ\u00eancia o bem-estar e a produ\u00e7\u00e3o leiteira (WARDIN, 2021; SHEARER et al., 1996; STANEK, 1997). Cabe ressaltar que vacas com cascos lesionados t\u00eam taxas de concep\u00e7\u00e3o mais baixas, maior preval\u00eancia de cistos ovarianos, podem apresentar cio silencioso ou anestro, e at\u00e9 mesmo comprometimento da imunidade.<\/p>\n\n\n\n<div style=\"height:18px\" aria-hidden=\"true\" class=\"wp-block-spacer\"><\/div>\n\n\n\n<h2 class=\"wp-block-heading has-text-align-left\"><strong>Fatores Predisponentes<\/strong><\/h2>\n\n\n\n<div style=\"height:18px\" aria-hidden=\"true\" class=\"wp-block-spacer\"><\/div>\n\n\n\n<p>Diversos fatores predisponentes podem influenciar o surgimento de doen\u00e7as no casco dos animais, como \u00e9 o caso da <strong>\u00dalcera de Sola<\/strong>, sendo eles relacionados principalmente a condi\u00e7\u00f5es ambientais desfavor\u00e1veis ou pr\u00e1ticas de manejo inadequadas. Entre esses fatores, destacam-se as m\u00e1s condi\u00e7\u00f5es de higiene no ambiente, excesso de lama e a falta de limpeza adequada das camas. Adicionalmente, a utiliza\u00e7\u00e3o de pisos altamente abrasivos em sistemas Free Stall, vias de passagem com muito cascalho que podem ocasionar traumas nos cascos, exposi\u00e7\u00e3o prolongada \u00e0 umidade e pr\u00e1ticas inadequadas de casqueamento tamb\u00e9m contribuem significativamente para o desenvolvimento dessas enfermidades (SILVA et al., 2001; OLIVEIRA et al., 2004 apud SILVEIRA et al., 2018).<\/p>\n\n\n\n<div style=\"height:18px\" aria-hidden=\"true\" class=\"wp-block-spacer\"><\/div>\n\n\n\n<h2 class=\"wp-block-heading has-text-align-left\"><strong>Preven\u00e7\u00e3o<\/strong><\/h2>\n\n\n\n<div style=\"height:18px\" aria-hidden=\"true\" class=\"wp-block-spacer\"><\/div>\n\n\n\n<p>Diversas estrat\u00e9gias s\u00e3o fundamentais para prevenir a <strong>\u00dalcera de Sola<\/strong> e outros problemas nos cascos dos animais em fazendas leiteiras. Entre elas, destaca-se o uso do <strong>pedil\u00favio<\/strong>, que consiste em um local ou recipiente contendo uma solu\u00e7\u00e3o desinfetante, utilizado para limpar os cascos e tecidos adjacentes, visando controlar infec\u00e7\u00f5es e fortalecer a resist\u00eancia dos tecidos. Geralmente, s\u00e3o empregadas solu\u00e7\u00f5es como formalina 3-5% ou sulfato de cobre 5% ou sulfato de zinco 10% (FERREIRA et al., 2005).<\/p>\n\n\n\n<div style=\"height:18px\" aria-hidden=\"true\" class=\"wp-block-spacer\"><\/div>\n\n\n\n<p>Para garantir a efic\u00e1cia do <strong>pedil\u00favio<\/strong>, \u00e9 recomend\u00e1vel que ele tenha dimens\u00f5es m\u00ednimas, como 80 cm de largura, 3 metros de comprimento, 30 cm de altura e uma l\u00e2mina de \u00e1gua de pelo menos 15 cm, evitando assim o desperd\u00edcio de produtos qu\u00edmicos. Al\u00e9m disso, \u00e9 essencial posicionar o pedil\u00favio ap\u00f3s a ordenha, a fim de evitar a contamina\u00e7\u00e3o dos equipamentos e, consequentemente, do leite.<\/p>\n\n\n\n<div style=\"height:18px\" aria-hidden=\"true\" class=\"wp-block-spacer\"><\/div>\n\n\n\n<p>Outra medida preventiva \u00e9 o <strong>casqueamento<\/strong> que tem como objetivo principal equalizar o peso suportado pelos dois d\u00edgitos dos membros e minimizar a press\u00e3o sobre a sola. Recomenda-se realizar essa pr\u00e1tica durante o per\u00edodo de secagem das vacas e corrigir poss\u00edveis desgastes nos cascos no in\u00edcio da lacta\u00e7\u00e3o (FERREIRA, 2005). Investir na <strong>melhoria das instala\u00e7\u00f5es<\/strong> tamb\u00e9m \u00e9 crucial para prevenir problemas nos cascos dos animais. \u00c9 essencial proporcionar camas adequadas, que suportem os quatro membros dos animais, feitas de material confort\u00e1vel, em um ambiente limpo, seco e elevado em rela\u00e7\u00e3o ao restante do piso, para evitar o ac\u00famulo de umidade e dejetos. A utiliza\u00e7\u00e3o de pisos emborrachados tamb\u00e9m \u00e9 uma op\u00e7\u00e3o v\u00e1lida (PLAUTZ, 2013). Al\u00e9m disso, \u00e9 importante atentar para piquetes desnivelados ou com excesso de cascalho, realizando limpeza e nivelamento dessas \u00e1reas.<\/p>\n\n\n\n<div style=\"height:18px\" aria-hidden=\"true\" class=\"wp-block-spacer\"><\/div>\n\n\n\n<p>Por fim, \u00e9 muito importante o fornecimento de <strong>nutri\u00e7\u00e3o adequada<\/strong>, com dietas balanceadas de acordo com a fase produtiva que o animal se encontra, visto que os problemas podais tamb\u00e9m est\u00e3o relacionados com a alimenta\u00e7\u00e3o. Em resumo, quando a nutri\u00e7\u00e3o \u00e9 ineficaz (carente de elementos como por exemplo: o sel\u00eanio, a vitamina E, o cobre e o zinco) o c\u00f3rion fica incapaz de produzir um casco saud\u00e1vel (SILVA, 2009; SAGU\u00c9S, 1995 apud CHIUZOLO, 2017).<\/p>\n\n\n\n<div style=\"height:18px\" aria-hidden=\"true\" class=\"wp-block-spacer\"><\/div>\n\n\n\n<h2 class=\"wp-block-heading has-text-align-left\"><strong>Tratamento<\/strong><\/h2>\n\n\n\n<div style=\"height:18px\" aria-hidden=\"true\" class=\"wp-block-spacer\"><\/div>\n\n\n\n<p>Para o tratamento adequado sugere-se a <strong>excis\u00e3o cir\u00fargica<\/strong> das \u00e1reas necrosadas, seguida da <strong>aplica\u00e7\u00e3o de iodo<\/strong> como antiss\u00e9ptico e <strong>coloca\u00e7\u00e3o de tamancos<\/strong> (feitos de madeira ou EVA) no d\u00edgito contralateral. Al\u00e9m disso, \u00e9 recomendado o uso de uma <strong>bandagem<\/strong>, que deve ser substitu\u00edda a cada 72 horas, podendo haver varia\u00e7\u00f5es conforme a evolu\u00e7\u00e3o da cicatriza\u00e7\u00e3o, aus\u00eancia de infec\u00e7\u00e3o e efic\u00e1cia da impermeabiliza\u00e7\u00e3o do curativo (FERREIRA et al., 2005; ALVIM et al., 2006; AGOSTINHO; SERR\u00c3O, 2007). Ainda para o tratamento recomenda-se uso de pedil\u00favios de sulfato de cobre, formol ou sulfato de zinco a 5%-10% (assim como mencionado na preven\u00e7\u00e3o), duas vezes ao dia (na sa\u00edda da ordenha).<\/p>\n\n\n\n<div style=\"height:18px\" aria-hidden=\"true\" class=\"wp-block-spacer\"><\/div>\n\n\n\n<p>\u00c9 importante ressaltar que em casos de doen\u00e7a s\u00e9ptica a terapia antimicrobiana sist\u00eamica deve ser indicada (RIET CORREA et al., 2007). Diante disso, uma excelente op\u00e7\u00e3o antimicrobiana, que inclusive n\u00e3o requer o descarte do leite \u00e9 o <strong>Ceftiofur<\/strong> (STANK, 2021). Nesse contexto, a <strong>JA Sa\u00fade Animal<\/strong> apresenta o <strong><a href=\"https:\/\/www.jasaudeanimal.com.br\/produtos\/antimicrobianos\/cetofur\">Cetofur<\/a><\/strong>: uma associa\u00e7\u00e3o moderna e inovadora \u00e0 base de <strong>Ceftiofur<\/strong>. O produto, que \u00e9 pertencente \u00e0 classe das Cefalosporinas de 3\u00aa gera\u00e7\u00e3o, conta com a presen\u00e7a do <strong>Cetoprofeno<\/strong> em sua f\u00f3rmula, um anti-inflamat\u00f3rio n\u00e3o esteroidal que reduz a inflama\u00e7\u00e3o, a dor e a febre, o que contribui para r\u00e1pida recupera\u00e7\u00e3o dos animais e consequentemente r\u00e1pido retorno \u00e0s atividades produtivas. <strong>Cetofur<\/strong> \u00e9 a melhor escolha para rebanhos leiteiros justamente por sua car\u00eancia zero no leite, al\u00e9m de ser sin\u00f4nimo de efic\u00e1cia, seguran\u00e7a e bem-estar animal! Visite o nosso site e confira mais informa\u00e7\u00f5es sobre esse e outros produtos da <strong>JA Sa\u00fade Animal<\/strong>!<\/p>\n\n\n\n<div style=\"height:18px\" aria-hidden=\"true\" class=\"wp-block-spacer\"><\/div>\n\n\n\n<p><strong>Texto: Juliana Melo (M\u00e9dica Veterin\u00e1ria e Jornalista) <\/strong><\/p>\n\n\n\n<div style=\"height:18px\" aria-hidden=\"true\" class=\"wp-block-spacer\"><\/div>\n\n\n\n<h2 class=\"wp-block-heading has-text-align-left\"><strong>Refer\u00eancias<\/strong><\/h2>\n\n\n\n<div style=\"height:18px\" aria-hidden=\"true\" class=\"wp-block-spacer\"><\/div>\n\n\n\n<p>AGOSTINHO, Armando; SERR\u00c3O, Panhanha Sequeira. IV Manual de Patologia Podal Bovina. 2007. Dispon\u00edvel em: <a href=\"https:\/\/www.apcrf.pt\/fotos\/editor2\/iv_manual.pdf\">https:\/\/www.apcrf.pt\/fotos\/editor2\/iv_manual.pdf<\/a>. Acesso em: 23 fev. 2024.<\/p>\n\n\n\n<div style=\"height:18px\" aria-hidden=\"true\" class=\"wp-block-spacer\"><\/div>\n\n\n\n<p>ALVIM, Nilvaldo Cesar et al. O efeito da \u201cPasta de unna\u201d no tratamento da Pododermatite Circunscrita Perfurada em Bovinos. Rev. Cient\u00edfica Eletr\u00f4nica de Med. Veterin\u00e1ria \u2013 Faculdade de Medicina Veterin\u00e1ria e Zootecnia de Gar\u00e7a FAMED\/ FAEF, Gar\u00e7a, v. 01, n. 06, p.1-6, jan. 2006.<\/p>\n\n\n\n<div style=\"height:18px\" aria-hidden=\"true\" class=\"wp-block-spacer\"><\/div>\n\n\n\n<p>CHIUZOLO, Pedro Henrique. Afec\u00e7\u00f5es podais em bovinos. Trabalho de Conclus\u00e3o de Curso. Universidade Brasil. Descalvado: [s.n.], 2017.<\/p>\n\n\n\n<div style=\"height:18px\" aria-hidden=\"true\" class=\"wp-block-spacer\"><\/div>\n\n\n\n<p>DOS REIS, Igor Diniz; NOGUEIRA, Vin\u00edcius Jos\u00e9 Moreira. <strong>Afec\u00e7\u00f5es podais em bovinos de leite<\/strong>. Revista Agroveterin\u00e1ria do Sul de Minas-ISSN: 2674-9661, v. 5, n. 1, p. 136-154, 2023.<\/p>\n\n\n\n<div style=\"height:18px\" aria-hidden=\"true\" class=\"wp-block-spacer\"><\/div>\n\n\n\n<p>FERREIRA, M. P. et al. Sistema locomotor dos ruminantes. UFMG, Minas Gerais. Abr. 2005. 40 p.<\/p>\n\n\n\n<div style=\"height:18px\" aria-hidden=\"true\" class=\"wp-block-spacer\"><\/div>\n\n\n\n<p>FERREIRA, P. M.; Leite, R. C.; CARVALHO, A. U. et al. Custos e resultados do tratamento das sequelas de laminite bovina: relato de 112 casos em vacas em lacta\u00e7\u00e3o no sistema de free-stall. Arq. Bras. Med. Vet. Zootec., v. 56, p. 589-594, 2004.<\/p>\n\n\n\n<div style=\"height:18px\" aria-hidden=\"true\" class=\"wp-block-spacer\"><\/div>\n\n\n\n<p>Oliveira L.L., Fontinhas R.L., Lima A.M.M. &amp; Lima R.J.S. 2004. Mapas dos par\u00e2metros climatol\u00f3gicos do estado do Par\u00e1: umidade, temperatura e insola\u00e7\u00e3o, m\u00e9dias anuais. Anais Congresso Brasileiro de Metereologia, Fortaleza, CE, p.7.<\/p>\n\n\n\n<div style=\"height:18px\" aria-hidden=\"true\" class=\"wp-block-spacer\"><\/div>\n\n\n\n<p>POZZATTI, P. N., CASAGRANDE, F. P., D\u00d3REA, M. D., BORGES, L. F. N. M., PORF\u00cdRIO, L. C., PINHEIRO, H. B., &amp; DA SILVA, P. C. A. R. Preval\u00eancia das afec\u00e7\u00f5es podais em vacas leiteiras da regi\u00e3o sul do estado do Esp\u00edrito Santo, Brasil. Revista Acad\u00eamica: Ci\u00eancia Animal, v. 16, p. 1- 7, 2018.<\/p>\n\n\n\n<div style=\"height:18px\" aria-hidden=\"true\" class=\"wp-block-spacer\"><\/div>\n\n\n\n<p>PLAUTZ, Gustavo Roberto. Podologia Bovina. 2013. 59 f. TCC (Gradua\u00e7\u00e3o) &#8211; Curso de Medicina Veterin\u00e1ria, Universidade Federal do Rio Grande do Sul, Porto Alegre, 2013.<\/p>\n\n\n\n<div style=\"height:18px\" aria-hidden=\"true\" class=\"wp-block-spacer\"><\/div>\n\n\n\n<p>Silva L.A.F., Silva L.M., Romani A.F., Rabelo R.E., Fioravanti M.C.S., Souza T.M. &amp; Silva C.A. 2001. Caracter\u00edsticas cl\u00ednicas e epidemiol\u00f3gicos das enfermidades podais em vacas lactantes do munic\u00edpio de Orizona\/GO. Ci\u00eanc. Anim. Bras. 2(2):119-126.<\/p>\n\n\n\n<div style=\"height:18px\" aria-hidden=\"true\" class=\"wp-block-spacer\"><\/div>\n\n\n\n<p>Silveira, J. A. S., Silva, N. S., Albernaz, T. T., Bomjardim, H. A., Reis, A. S. B., Oliveira, C. M. C., Duarte, M. D., &amp; Barbosa, J. D.. (2018). Estudo epidemiol\u00f3gico e cl\u00ednico de afec\u00e7\u00f5es podais em bovinos de corte manejados extensivamente no sudeste do Par\u00e1. Pesquisa Veterin\u00e1ria Brasileira, 38(3), 367\u2013373. https:\/\/doi.org\/10.1590\/1678-5150-PVB-4411.<\/p>\n\n\n\n<div style=\"height:18px\" aria-hidden=\"true\" class=\"wp-block-spacer\"><\/div>\n\n\n\n<p>SHEARER, J.K.; BRAY, D. R.; UMPHREY, J. E. et al. Factors influencing the incidence of lameness in Dairy catlle. In: Annual Florida Dairy Production Conference, 1996. Gainesville: Proceedings&#8230; Gainesville: UF, 1996.<\/p>\n\n\n\n<div style=\"height:18px\" aria-hidden=\"true\" class=\"wp-block-spacer\"><\/div>\n\n\n\n<p>SOARES, L. Podologia Bovina. Revista Brasileira de Higiene e Sanidade Animal (v.13, n.2) p. 304 \u2013 319 abr \u2013 jun 2019.<\/p>\n\n\n\n<div style=\"height:18px\" aria-hidden=\"true\" class=\"wp-block-spacer\"><\/div>\n\n\n\n<p>STANCK, Alex Teixeira. Principais afec\u00e7\u00f5es podais em bovinos leiteiros: Revis\u00e3o de literatura. Trabalho de Conclus\u00e3o de Curso. Universidade Federal de Santa Catarina. 2021. Dispon\u00edvel em: <a href=\"https:\/\/repositorio.ufsc.br\/bitstream\/handle\/123456789\/223863\/Monografia%20Alex%20Teixeira%20Stanck.pdf?sequence=1&amp;isAllowed=y\">https:\/\/repositorio.ufsc.br\/bitstream\/handle\/123456789\/223863\/Monografia%20Alex%20Teixeira%20Stanck.pdf?sequence=1&amp;isAllowed=y<\/a>. Acesso em: 23 fev. 2024.<\/p>\n\n\n\n<div style=\"height:18px\" aria-hidden=\"true\" class=\"wp-block-spacer\"><\/div>\n\n\n\n<p>STANEK, C. Housing and nutrition related claw diseases of dairy cattle. Israel J. Vet. Med., v. 52, p. 80-87, 1997.<\/p>\n\n\n\n<div style=\"height:18px\" aria-hidden=\"true\" class=\"wp-block-spacer\"><\/div>\n\n\n\n<p>WARDIN, Carla. Desvendando o enigma. Leite Integral, [s.l], v. 144, n.1, p. 76-80, mar. 2021. Mensal.<\/p>\n","protected":false},"excerpt":{"rendered":"<p>As \u00dalceras de Sola causam preocupa\u00e7\u00e3o aos produtores de leite em todo o mundo. Essa condi\u00e7\u00e3o n\u00e3o afeta apenas o bem-estar das vacas, mas pode gerar perdas econ\u00f4micas substanciais \u00e0s fazendas. Confira detalhes no artigo a seguir! Introdu\u00e7\u00e3o A bovinocultura leiteira apresenta grande relev\u00e2ncia na &hellip; <\/p>\n","protected":false},"author":3,"featured_media":957,"comment_status":"closed","ping_status":"closed","sticky":false,"template":"","format":"standard","meta":[],"categories":[1],"tags":[],"yoast_head":"<!-- This site is optimized with the Yoast SEO plugin v19.10 - https:\/\/yoast.com\/wordpress\/plugins\/seo\/ -->\n<title>Afec\u00e7\u00f5es podais: \u00dalcera de Sola em vacas leiteiras - JA Sa\u00fade Animal<\/title>\n<meta name=\"robots\" content=\"index, follow, max-snippet:-1, max-image-preview:large, max-video-preview:-1\" \/>\n<link rel=\"canonical\" href=\"https:\/\/www.jasaudeanimal.com.br\/blog\/afeccoes-podais-ulcera-de-sola-em-vacas-leiteiras\" \/>\n<meta property=\"og:locale\" content=\"pt_BR\" \/>\n<meta property=\"og:type\" content=\"article\" \/>\n<meta property=\"og:title\" content=\"Afec\u00e7\u00f5es podais: \u00dalcera de Sola em vacas leiteiras - JA Sa\u00fade Animal\" \/>\n<meta property=\"og:description\" content=\"As \u00dalceras de Sola causam preocupa\u00e7\u00e3o aos produtores de leite em todo o mundo. Essa condi\u00e7\u00e3o n\u00e3o afeta apenas o bem-estar das vacas, mas pode gerar perdas econ\u00f4micas substanciais \u00e0s fazendas. Confira detalhes no artigo a seguir! Introdu\u00e7\u00e3o A bovinocultura leiteira apresenta grande relev\u00e2ncia na &hellip;\" \/>\n<meta property=\"og:url\" content=\"https:\/\/www.jasaudeanimal.com.br\/blog\/afeccoes-podais-ulcera-de-sola-em-vacas-leiteiras\" \/>\n<meta property=\"og:site_name\" content=\"JA Sa\u00fade Animal\" \/>\n<meta property=\"article:published_time\" content=\"2024-03-22T12:39:54+00:00\" \/>\n<meta property=\"article:modified_time\" content=\"2024-06-04T17:27:23+00:00\" \/>\n<meta property=\"og:image\" content=\"https:\/\/www.jasaudeanimal.com.br\/blog\/wp-content\/uploads\/2022\/10\/podais.png\" \/>\n\t<meta property=\"og:image:width\" content=\"1024\" \/>\n\t<meta property=\"og:image:height\" content=\"768\" \/>\n\t<meta property=\"og:image:type\" content=\"image\/png\" \/>\n<meta name=\"author\" content=\"Juliana Ferreira Melo\" \/>\n<meta name=\"twitter:card\" content=\"summary_large_image\" \/>\n<meta name=\"twitter:label1\" content=\"Escrito por\" \/>\n\t<meta name=\"twitter:data1\" content=\"Juliana Ferreira Melo\" \/>\n\t<meta name=\"twitter:label2\" content=\"Est. tempo de leitura\" \/>\n\t<meta name=\"twitter:data2\" content=\"8 minutos\" \/>\n<script type=\"application\/ld+json\" class=\"yoast-schema-graph\">{\"@context\":\"https:\/\/schema.org\",\"@graph\":[{\"@type\":\"Article\",\"@id\":\"https:\/\/www.jasaudeanimal.com.br\/blog\/afeccoes-podais-ulcera-de-sola-em-vacas-leiteiras#article\",\"isPartOf\":{\"@id\":\"https:\/\/www.jasaudeanimal.com.br\/blog\/afeccoes-podais-ulcera-de-sola-em-vacas-leiteiras\"},\"author\":{\"name\":\"Juliana Ferreira Melo\",\"@id\":\"https:\/\/www.jasaudeanimal.com.br\/blog\/#\/schema\/person\/0c3e3a96208238dd8da78a2aa872d57a\"},\"headline\":\"Afec\u00e7\u00f5es podais: \u00dalcera de Sola em vacas leiteiras\",\"datePublished\":\"2024-03-22T12:39:54+00:00\",\"dateModified\":\"2024-06-04T17:27:23+00:00\",\"mainEntityOfPage\":{\"@id\":\"https:\/\/www.jasaudeanimal.com.br\/blog\/afeccoes-podais-ulcera-de-sola-em-vacas-leiteiras\"},\"wordCount\":1539,\"publisher\":{\"@id\":\"https:\/\/www.jasaudeanimal.com.br\/blog\/#organization\"},\"articleSection\":[\"Blog JA\"],\"inLanguage\":\"pt-BR\"},{\"@type\":\"WebPage\",\"@id\":\"https:\/\/www.jasaudeanimal.com.br\/blog\/afeccoes-podais-ulcera-de-sola-em-vacas-leiteiras\",\"url\":\"https:\/\/www.jasaudeanimal.com.br\/blog\/afeccoes-podais-ulcera-de-sola-em-vacas-leiteiras\",\"name\":\"Afec\u00e7\u00f5es podais: \u00dalcera de Sola em vacas leiteiras - JA Sa\u00fade Animal\",\"isPartOf\":{\"@id\":\"https:\/\/www.jasaudeanimal.com.br\/blog\/#website\"},\"datePublished\":\"2024-03-22T12:39:54+00:00\",\"dateModified\":\"2024-06-04T17:27:23+00:00\",\"breadcrumb\":{\"@id\":\"https:\/\/www.jasaudeanimal.com.br\/blog\/afeccoes-podais-ulcera-de-sola-em-vacas-leiteiras#breadcrumb\"},\"inLanguage\":\"pt-BR\",\"potentialAction\":[{\"@type\":\"ReadAction\",\"target\":[\"https:\/\/www.jasaudeanimal.com.br\/blog\/afeccoes-podais-ulcera-de-sola-em-vacas-leiteiras\"]}]},{\"@type\":\"BreadcrumbList\",\"@id\":\"https:\/\/www.jasaudeanimal.com.br\/blog\/afeccoes-podais-ulcera-de-sola-em-vacas-leiteiras#breadcrumb\",\"itemListElement\":[{\"@type\":\"ListItem\",\"position\":1,\"name\":\"In\u00edcio\",\"item\":\"https:\/\/www.jasaudeanimal.com.br\/blog\"},{\"@type\":\"ListItem\",\"position\":2,\"name\":\"Afec\u00e7\u00f5es podais: \u00dalcera de Sola em vacas leiteiras\"}]},{\"@type\":\"WebSite\",\"@id\":\"https:\/\/www.jasaudeanimal.com.br\/blog\/#website\",\"url\":\"https:\/\/www.jasaudeanimal.com.br\/blog\/\",\"name\":\"JA Sa\u00fade Animal\",\"description\":\"Medicina Animal\",\"publisher\":{\"@id\":\"https:\/\/www.jasaudeanimal.com.br\/blog\/#organization\"},\"potentialAction\":[{\"@type\":\"SearchAction\",\"target\":{\"@type\":\"EntryPoint\",\"urlTemplate\":\"https:\/\/www.jasaudeanimal.com.br\/blog\/?s={search_term_string}\"},\"query-input\":\"required name=search_term_string\"}],\"inLanguage\":\"pt-BR\"},{\"@type\":\"Organization\",\"@id\":\"https:\/\/www.jasaudeanimal.com.br\/blog\/#organization\",\"name\":\"JA Sa\u00fade Animal\",\"url\":\"https:\/\/www.jasaudeanimal.com.br\/blog\/\",\"logo\":{\"@type\":\"ImageObject\",\"inLanguage\":\"pt-BR\",\"@id\":\"https:\/\/www.jasaudeanimal.com.br\/blog\/#\/schema\/logo\/image\/\",\"url\":\"https:\/\/www.jasaudeanimal.com.br\/blog\/wp-content\/uploads\/2022\/12\/cropped-LOGO_JA_NOVO_VERDE_Miniatura_150.png\",\"contentUrl\":\"https:\/\/www.jasaudeanimal.com.br\/blog\/wp-content\/uploads\/2022\/12\/cropped-LOGO_JA_NOVO_VERDE_Miniatura_150.png\",\"width\":150,\"height\":114,\"caption\":\"JA Sa\u00fade Animal\"},\"image\":{\"@id\":\"https:\/\/www.jasaudeanimal.com.br\/blog\/#\/schema\/logo\/image\/\"}},{\"@type\":\"Person\",\"@id\":\"https:\/\/www.jasaudeanimal.com.br\/blog\/#\/schema\/person\/0c3e3a96208238dd8da78a2aa872d57a\",\"name\":\"Juliana Ferreira Melo\",\"image\":{\"@type\":\"ImageObject\",\"inLanguage\":\"pt-BR\",\"@id\":\"https:\/\/www.jasaudeanimal.com.br\/blog\/#\/schema\/person\/image\/\",\"url\":\"https:\/\/secure.gravatar.com\/avatar\/0ddb30a8cf1e46c5734bd69653db440d?s=96&d=mm&r=g\",\"contentUrl\":\"https:\/\/secure.gravatar.com\/avatar\/0ddb30a8cf1e46c5734bd69653db440d?s=96&d=mm&r=g\",\"caption\":\"Juliana Ferreira Melo\"},\"url\":\"https:\/\/www.jasaudeanimal.com.br\/blog\/author\/julianamelo\"}]}<\/script>\n<!-- \/ Yoast SEO plugin. -->","yoast_head_json":{"title":"Afec\u00e7\u00f5es podais: \u00dalcera de Sola em vacas leiteiras - JA Sa\u00fade Animal","robots":{"index":"index","follow":"follow","max-snippet":"max-snippet:-1","max-image-preview":"max-image-preview:large","max-video-preview":"max-video-preview:-1"},"canonical":"https:\/\/www.jasaudeanimal.com.br\/blog\/afeccoes-podais-ulcera-de-sola-em-vacas-leiteiras","og_locale":"pt_BR","og_type":"article","og_title":"Afec\u00e7\u00f5es podais: \u00dalcera de Sola em vacas leiteiras - JA Sa\u00fade Animal","og_description":"As \u00dalceras de Sola causam preocupa\u00e7\u00e3o aos produtores de leite em todo o mundo. Essa condi\u00e7\u00e3o n\u00e3o afeta apenas o bem-estar das vacas, mas pode gerar perdas econ\u00f4micas substanciais \u00e0s fazendas. Confira detalhes no artigo a seguir! Introdu\u00e7\u00e3o A bovinocultura leiteira apresenta grande relev\u00e2ncia na &hellip;","og_url":"https:\/\/www.jasaudeanimal.com.br\/blog\/afeccoes-podais-ulcera-de-sola-em-vacas-leiteiras","og_site_name":"JA Sa\u00fade Animal","article_published_time":"2024-03-22T12:39:54+00:00","article_modified_time":"2024-06-04T17:27:23+00:00","og_image":[{"width":1024,"height":768,"url":"https:\/\/www.jasaudeanimal.com.br\/blog\/wp-content\/uploads\/2022\/10\/podais.png","type":"image\/png"}],"author":"Juliana Ferreira Melo","twitter_card":"summary_large_image","twitter_misc":{"Escrito por":"Juliana Ferreira Melo","Est. tempo de leitura":"8 minutos"},"schema":{"@context":"https:\/\/schema.org","@graph":[{"@type":"Article","@id":"https:\/\/www.jasaudeanimal.com.br\/blog\/afeccoes-podais-ulcera-de-sola-em-vacas-leiteiras#article","isPartOf":{"@id":"https:\/\/www.jasaudeanimal.com.br\/blog\/afeccoes-podais-ulcera-de-sola-em-vacas-leiteiras"},"author":{"name":"Juliana Ferreira Melo","@id":"https:\/\/www.jasaudeanimal.com.br\/blog\/#\/schema\/person\/0c3e3a96208238dd8da78a2aa872d57a"},"headline":"Afec\u00e7\u00f5es podais: \u00dalcera de Sola em vacas leiteiras","datePublished":"2024-03-22T12:39:54+00:00","dateModified":"2024-06-04T17:27:23+00:00","mainEntityOfPage":{"@id":"https:\/\/www.jasaudeanimal.com.br\/blog\/afeccoes-podais-ulcera-de-sola-em-vacas-leiteiras"},"wordCount":1539,"publisher":{"@id":"https:\/\/www.jasaudeanimal.com.br\/blog\/#organization"},"articleSection":["Blog JA"],"inLanguage":"pt-BR"},{"@type":"WebPage","@id":"https:\/\/www.jasaudeanimal.com.br\/blog\/afeccoes-podais-ulcera-de-sola-em-vacas-leiteiras","url":"https:\/\/www.jasaudeanimal.com.br\/blog\/afeccoes-podais-ulcera-de-sola-em-vacas-leiteiras","name":"Afec\u00e7\u00f5es podais: \u00dalcera de Sola em vacas leiteiras - JA Sa\u00fade Animal","isPartOf":{"@id":"https:\/\/www.jasaudeanimal.com.br\/blog\/#website"},"datePublished":"2024-03-22T12:39:54+00:00","dateModified":"2024-06-04T17:27:23+00:00","breadcrumb":{"@id":"https:\/\/www.jasaudeanimal.com.br\/blog\/afeccoes-podais-ulcera-de-sola-em-vacas-leiteiras#breadcrumb"},"inLanguage":"pt-BR","potentialAction":[{"@type":"ReadAction","target":["https:\/\/www.jasaudeanimal.com.br\/blog\/afeccoes-podais-ulcera-de-sola-em-vacas-leiteiras"]}]},{"@type":"BreadcrumbList","@id":"https:\/\/www.jasaudeanimal.com.br\/blog\/afeccoes-podais-ulcera-de-sola-em-vacas-leiteiras#breadcrumb","itemListElement":[{"@type":"ListItem","position":1,"name":"In\u00edcio","item":"https:\/\/www.jasaudeanimal.com.br\/blog"},{"@type":"ListItem","position":2,"name":"Afec\u00e7\u00f5es podais: \u00dalcera de Sola em vacas leiteiras"}]},{"@type":"WebSite","@id":"https:\/\/www.jasaudeanimal.com.br\/blog\/#website","url":"https:\/\/www.jasaudeanimal.com.br\/blog\/","name":"JA Sa\u00fade Animal","description":"Medicina Animal","publisher":{"@id":"https:\/\/www.jasaudeanimal.com.br\/blog\/#organization"},"potentialAction":[{"@type":"SearchAction","target":{"@type":"EntryPoint","urlTemplate":"https:\/\/www.jasaudeanimal.com.br\/blog\/?s={search_term_string}"},"query-input":"required name=search_term_string"}],"inLanguage":"pt-BR"},{"@type":"Organization","@id":"https:\/\/www.jasaudeanimal.com.br\/blog\/#organization","name":"JA Sa\u00fade Animal","url":"https:\/\/www.jasaudeanimal.com.br\/blog\/","logo":{"@type":"ImageObject","inLanguage":"pt-BR","@id":"https:\/\/www.jasaudeanimal.com.br\/blog\/#\/schema\/logo\/image\/","url":"https:\/\/www.jasaudeanimal.com.br\/blog\/wp-content\/uploads\/2022\/12\/cropped-LOGO_JA_NOVO_VERDE_Miniatura_150.png","contentUrl":"https:\/\/www.jasaudeanimal.com.br\/blog\/wp-content\/uploads\/2022\/12\/cropped-LOGO_JA_NOVO_VERDE_Miniatura_150.png","width":150,"height":114,"caption":"JA Sa\u00fade Animal"},"image":{"@id":"https:\/\/www.jasaudeanimal.com.br\/blog\/#\/schema\/logo\/image\/"}},{"@type":"Person","@id":"https:\/\/www.jasaudeanimal.com.br\/blog\/#\/schema\/person\/0c3e3a96208238dd8da78a2aa872d57a","name":"Juliana Ferreira Melo","image":{"@type":"ImageObject","inLanguage":"pt-BR","@id":"https:\/\/www.jasaudeanimal.com.br\/blog\/#\/schema\/person\/image\/","url":"https:\/\/secure.gravatar.com\/avatar\/0ddb30a8cf1e46c5734bd69653db440d?s=96&d=mm&r=g","contentUrl":"https:\/\/secure.gravatar.com\/avatar\/0ddb30a8cf1e46c5734bd69653db440d?s=96&d=mm&r=g","caption":"Juliana Ferreira Melo"},"url":"https:\/\/www.jasaudeanimal.com.br\/blog\/author\/julianamelo"}]}},"_links":{"self":[{"href":"https:\/\/www.jasaudeanimal.com.br\/blog\/wp-json\/wp\/v2\/posts\/1448"}],"collection":[{"href":"https:\/\/www.jasaudeanimal.com.br\/blog\/wp-json\/wp\/v2\/posts"}],"about":[{"href":"https:\/\/www.jasaudeanimal.com.br\/blog\/wp-json\/wp\/v2\/types\/post"}],"author":[{"embeddable":true,"href":"https:\/\/www.jasaudeanimal.com.br\/blog\/wp-json\/wp\/v2\/users\/3"}],"replies":[{"embeddable":true,"href":"https:\/\/www.jasaudeanimal.com.br\/blog\/wp-json\/wp\/v2\/comments?post=1448"}],"version-history":[{"count":6,"href":"https:\/\/www.jasaudeanimal.com.br\/blog\/wp-json\/wp\/v2\/posts\/1448\/revisions"}],"predecessor-version":[{"id":1455,"href":"https:\/\/www.jasaudeanimal.com.br\/blog\/wp-json\/wp\/v2\/posts\/1448\/revisions\/1455"}],"wp:featuredmedia":[{"embeddable":true,"href":"https:\/\/www.jasaudeanimal.com.br\/blog\/wp-json\/wp\/v2\/media\/957"}],"wp:attachment":[{"href":"https:\/\/www.jasaudeanimal.com.br\/blog\/wp-json\/wp\/v2\/media?parent=1448"}],"wp:term":[{"taxonomy":"category","embeddable":true,"href":"https:\/\/www.jasaudeanimal.com.br\/blog\/wp-json\/wp\/v2\/categories?post=1448"},{"taxonomy":"post_tag","embeddable":true,"href":"https:\/\/www.jasaudeanimal.com.br\/blog\/wp-json\/wp\/v2\/tags?post=1448"}],"curies":[{"name":"wp","href":"https:\/\/api.w.org\/{rel}","templated":true}]}}