{"id":1458,"date":"2024-04-05T15:08:07","date_gmt":"2024-04-05T18:08:07","guid":{"rendered":"https:\/\/www.jasaudeanimal.com.br\/blog\/?p=1458"},"modified":"2024-06-04T14:27:21","modified_gmt":"2024-06-04T17:27:21","slug":"desafios-do-periodo-de-transicao-em-vacas-leiteiras","status":"publish","type":"post","link":"https:\/\/www.jasaudeanimal.com.br\/blog\/desafios-do-periodo-de-transicao-em-vacas-leiteiras","title":{"rendered":"Desafios do Per\u00edodo de Transi\u00e7\u00e3o em Vacas Leiteiras"},"content":{"rendered":"\n<p><\/p>\n\n\n\n<p class=\"has-text-align-left\">Neste artigo, exploraremos os desafios enfrentados pelas vacas produtoras de leite durante o per\u00edodo de transi\u00e7\u00e3o e as estrat\u00e9gias de manejo para super\u00e1-los com sucesso<\/p>\n\n\n\n<figure class=\"wp-block-audio\"><audio controls src=\"https:\/\/www.jasaudeanimal.com.br\/blog\/wp-content\/uploads\/2024\/04\/Video-sem-titulo-\u2010-Feito-com-o-Clipchamp-26.mp4\"><\/audio><\/figure>\n\n\n\n<h2 class=\"wp-block-heading has-text-align-left\"><strong>Introdu\u00e7\u00e3o<\/strong><\/h2>\n\n\n\n<div style=\"height:18px\" aria-hidden=\"true\" class=\"wp-block-spacer\"><\/div>\n\n\n\n<p class=\"has-text-align-left\">O per\u00edodo de transi\u00e7\u00e3o \u00e9 uma fase cr\u00edtica na vida de uma vaca leiteira, compreendendo as tr\u00eas semanas antes do parto e as tr\u00eas semanas subsequentes, durante as quais o animal se prepara para o fim da gesta\u00e7\u00e3o e ao mesmo tempo para o in\u00edcio produ\u00e7\u00e3o de leite. Embora seja um momento de grandes mudan\u00e7as fisiol\u00f3gicas e metab\u00f3licas, muitas vezes subestima-se sua import\u00e2ncia para a sa\u00fade e a produtividade da vaca. Cabe ressaltar que, a principal dificuldade enfrentada est\u00e1 relacionada ao aumento da demanda de nutrientes para a produ\u00e7\u00e3o de leite, que associado ao baixo consumo de mat\u00e9ria seca tem como resultado o baixo aporte de nutrientes (RABELO; CAMPOS, 2009).<\/p>\n\n\n\n<div style=\"height:18px\" aria-hidden=\"true\" class=\"wp-block-spacer\"><\/div>\n\n\n\n<p class=\"has-text-align-left\">Diante disso, o per\u00edodo de transi\u00e7\u00e3o \u00e9 prop\u00edcio para o aparecimento de algumas enfermidades metab\u00f3licas. Dentre elas, \u00e9 poss\u00edvel citar o <strong>Edema de \u00dabere <\/strong>(que geralmente ocorre por conta do comprometimento do fluxo do sangue de retorno da gl\u00e2ndula mam\u00e1ria); a <strong>Hipocalcemia<\/strong> (uma redu\u00e7\u00e3o dos n\u00edveis s\u00e9ricos de c\u00e1lcio), tamb\u00e9m chamada de Febre do Leite ou S\u00edndrome da Vaca Ca\u00edda; a <strong>Reten\u00e7\u00e3o das Membranas Fetais<\/strong> <strong>ou Reten\u00e7\u00e3o de Placenta<\/strong> (ocasionada por diversos fatores como: abortamentos, car\u00eancias de vitaminas ou minerais que podem levar a problemas infecciosos e partos dist\u00f3cios); <strong>Acidose Ruminal<\/strong> (provocada por \u00e1cidos graxos vol\u00e1teis ou por \u00e1cido l\u00e1tico), <strong>Esteatose Hep\u00e1tica<\/strong> (caracterizada pelo ac\u00famulo de gordura no interior dos hepat\u00f3citos), <strong>Cetose<\/strong> (desordem no metabolismo energ\u00e9tico da gordura) e o <strong>Deslocamento de Abomaso <\/strong>(desencadeado por fatores como: diminui\u00e7\u00e3o do consumo de mat\u00e9ria seca (CMS) causando menor motilidade e ac\u00famulo de g\u00e1s no abomaso, e deslocamento do r\u00famen ap\u00f3s o parto (ORTOLANI, 2009).<\/p>\n\n\n\n<div style=\"height:18px\" aria-hidden=\"true\" class=\"wp-block-spacer\"><\/div>\n\n\n\n<p><\/p>\n\n\n\n<h2 class=\"wp-block-heading has-text-align-left\"><strong>Estrat\u00e9gias de manejo durante o per\u00edodo de transi\u00e7\u00e3o<\/strong><\/h2>\n\n\n\n<div style=\"height:18px\" aria-hidden=\"true\" class=\"wp-block-spacer\"><\/div>\n\n\n\n<p class=\"has-text-align-left\">A forma como \u00e9 conduzido o per\u00edodo de transi\u00e7\u00e3o impacta diretamente na quantidade e na qualidade do leite produzido, e na reprodu\u00e7\u00e3o da vaca. Desta forma, \u00e9 importante que algumas estrat\u00e9gias de manejo sejam adotadas, dentre elas: fornecimento de dieta equilibrada, avalia\u00e7\u00e3o do escore de condi\u00e7\u00e3o corporal (ECC), oferta de conforto e bem-estar animal. Com rela\u00e7\u00e3o \u00e0 dieta, ela deve ser ajustada proporcionando maior CMS para que o balan\u00e7o energ\u00e9tico negativo seja superado logo no come\u00e7o da lacta\u00e7\u00e3o e isso pode ser feito atrav\u00e9s da oferta de forragens de alta qualidade e melhor digestibilidade (PAIANO et al., 2020 apud PEREIRA et al., 2021).<\/p>\n\n\n\n<div style=\"height:18px\" aria-hidden=\"true\" class=\"wp-block-spacer\"><\/div>\n\n\n\n<p class=\"has-text-align-left\">Sobre o escore de condi\u00e7\u00e3o corporal, \u00e9 essencial que a vaca esteja bem nutrida e ao mesmo tempo com peso adequado. Seguindo uma escala de 1 a 5 pontos, o ideal \u00e9 que essa vaca chegue no momento da pari\u00e7\u00e3o com um escore corporal entre 3,5 e 3,75, visto que escores superiores a isso na pari\u00e7\u00e3o favorecem o aparecimento de doen\u00e7as metab\u00f3licas, sem contar que essas vacas t\u00eam o apetite comprometido (ALMEIDA, 2003). Por fim, outras medidas importantes, relacionadas ao conforto e ao bem-estar, s\u00e3o o monitoramento do consumo das vacas no pr\u00e9-parto e a separa\u00e7\u00e3o dos lotes para reduzir a disputa por alimento antes e depois do parto.<\/p>\n\n\n\n<div style=\"height:18px\" aria-hidden=\"true\" class=\"wp-block-spacer\"><\/div>\n\n\n\n<h2 class=\"wp-block-heading has-text-align-left\"><strong>O melhor tratamento \u00e9 a preven\u00e7\u00e3o!<\/strong><\/h2>\n\n\n\n<div style=\"height:18px\" aria-hidden=\"true\" class=\"wp-block-spacer\"><\/div>\n\n\n\n<p class=\"has-text-align-left\">A nutri\u00e7\u00e3o e o manejo durante o per\u00edodo de transi\u00e7\u00e3o devem ser planejados da melhor forma poss\u00edvel, a fim de minimizar o balan\u00e7o energ\u00e9tico negativo. Diante disso, a mineraliza\u00e7\u00e3o injet\u00e1vel \u00e9 uma alternativa a ser utilizada para a suplementa\u00e7\u00e3o e est\u00edmulo do metabolismo. Nesse contexto, a JA Sa\u00fade Animal conta com um amplo portf\u00f3lio de medicamentos, dentre os quais \u00e9 poss\u00edvel destacar tr\u00eas fortificantes: <strong>Turbo C\u00e1lcio<\/strong>, <strong>Catof\u00f3s B12<\/strong> e <strong>Glicoton<\/strong>.<\/p>\n\n\n\n<div style=\"height:18px\" aria-hidden=\"true\" class=\"wp-block-spacer\"><\/div>\n\n\n\n<p class=\"has-text-align-left\"><strong>Turbo C\u00e1lcio<\/strong> \u00e9 um repositor injet\u00e1vel composto por C\u00e1lcio, F\u00f3sforo e Magn\u00e9sio (minerais), Vitamina B1, Sorbitol (que atua como fonte de energia, restabelece o equil\u00edbrio \u00e1cido-b\u00e1sico e contribui nas insufici\u00eancias hep\u00e1ticas) e Metionina (hepatoprotetor). Para o controle das principais doen\u00e7as decorrentes do per\u00edodo de transi\u00e7\u00e3o recomenda-se a administra\u00e7\u00e3o de 500 mL nas vacas por via intravenosa lenta. <strong>Turbo C\u00e1lcio<\/strong> \u00e9 completo, uma vez que proporciona maior praticidade na aplica\u00e7\u00e3o e economia por n\u00e3o exigir mistura de v\u00e1rios medicamentos no momento de sua aplica\u00e7\u00e3o.<\/p>\n\n\n\n<div style=\"height:18px\" aria-hidden=\"true\" class=\"wp-block-spacer\"><\/div>\n\n\n\n<p class=\"has-text-align-left\"><strong>Catof\u00f3s B12<\/strong> \u00e9 uma solu\u00e7\u00e3o injet\u00e1vel \u00e0 base de Butafosfan (F\u00f3sforo org\u00e2nico que acelera as rea\u00e7\u00f5es metab\u00f3licas) e Vitamina B12 (que estimula o apetite e induz a produ\u00e7\u00e3o de hem\u00e1cias), sendo altamente eficaz na preven\u00e7\u00e3o e no tratamento das doen\u00e7as metab\u00f3licas e estados carenciais. O produto deve ser aplicado por via intramuscular, intravenosa ou subcut\u00e2nea, variando as doses de acordo com as esp\u00e9cies. No caso dos bovinos adultos, indica-se de 20 a 25 mL, podendo ser indicado por at\u00e9 7 dias consecutivos, conforme a prescri\u00e7\u00e3o do M\u00e9dico Veterin\u00e1rio. <strong>Catof\u00f3s B12<\/strong> apresenta excelente custo-benef\u00edcio quando comparado ao seu concorrente e disp\u00f5e de tr\u00eas apresenta\u00e7\u00f5es (20 mL, 100 mL, 500 mL).<\/p>\n\n\n\n<div style=\"height:18px\" aria-hidden=\"true\" class=\"wp-block-spacer\"><\/div>\n\n\n\n<p class=\"has-text-align-left\"><strong>Glicoton B12<\/strong> \u00e9 a \u00fanica associa\u00e7\u00e3o de Glicose 50% (carboidrato essencial ao organismo) com vitamina B12 (importante na produ\u00e7\u00e3o dos gl\u00f3bulos vermelhos e no est\u00edmulo do apetite), recomendada especialmente para vacas acometidas com Cetose. O produto deve ser aplicado por via intravenosa, uma vez ao dia, por at\u00e9 quatro dias, a crit\u00e9rio do M\u00e9dico Veterin\u00e1rio, com doses vari\u00e1veis de acordo com a esp\u00e9cie e a categoria animal (bovinos adultos: 500 a 1000 mL). A administra\u00e7\u00e3o de <strong>Glicoton B12<\/strong> em vacas com Cetose, fornece grande quantidade de glicose para interromper a queima de gordura, a fim de garantir os n\u00edveis adequados de energia e reverter o quadro. Ou seja, cessar a produ\u00e7\u00e3o de corpos cet\u00f4nicos, que provoca a toxemia e a inapet\u00eancia acentuada do animal. Quer saber mais detalhes sobre esses e outros produtos da linha acesse nosso site!<\/p>\n\n\n\n<div style=\"height:18px\" aria-hidden=\"true\" class=\"wp-block-spacer\"><\/div>\n\n\n\n<p><strong>Texto: Juliana Melo (M\u00e9dica Veterin\u00e1ria \/ Jornalista) <\/strong><\/p>\n","protected":false},"excerpt":{"rendered":"<p>Neste artigo, exploraremos os desafios enfrentados pelas vacas produtoras de leite durante o per\u00edodo de transi\u00e7\u00e3o e as estrat\u00e9gias de manejo para super\u00e1-los com sucesso Introdu\u00e7\u00e3o O per\u00edodo de transi\u00e7\u00e3o \u00e9 uma fase cr\u00edtica na vida de uma vaca leiteira, compreendendo as tr\u00eas semanas antes &hellip; <\/p>\n","protected":false},"author":3,"featured_media":1463,"comment_status":"closed","ping_status":"closed","sticky":false,"template":"","format":"standard","meta":[],"categories":[1],"tags":[],"yoast_head":"<!-- This site is optimized with the Yoast SEO plugin v19.10 - https:\/\/yoast.com\/wordpress\/plugins\/seo\/ -->\n<title>Desafios do Per\u00edodo de Transi\u00e7\u00e3o em Vacas Leiteiras - JA Sa\u00fade Animal<\/title>\n<meta name=\"robots\" content=\"index, follow, max-snippet:-1, max-image-preview:large, max-video-preview:-1\" \/>\n<link rel=\"canonical\" href=\"https:\/\/www.jasaudeanimal.com.br\/blog\/desafios-do-periodo-de-transicao-em-vacas-leiteiras\" \/>\n<meta property=\"og:locale\" content=\"pt_BR\" \/>\n<meta property=\"og:type\" content=\"article\" \/>\n<meta property=\"og:title\" content=\"Desafios do Per\u00edodo de Transi\u00e7\u00e3o em Vacas Leiteiras - JA Sa\u00fade Animal\" \/>\n<meta property=\"og:description\" content=\"Neste artigo, exploraremos os desafios enfrentados pelas vacas produtoras de leite durante o per\u00edodo de transi\u00e7\u00e3o e as estrat\u00e9gias de manejo para super\u00e1-los com sucesso Introdu\u00e7\u00e3o O per\u00edodo de transi\u00e7\u00e3o \u00e9 uma fase cr\u00edtica na vida de uma vaca leiteira, compreendendo as tr\u00eas semanas antes &hellip;\" \/>\n<meta property=\"og:url\" content=\"https:\/\/www.jasaudeanimal.com.br\/blog\/desafios-do-periodo-de-transicao-em-vacas-leiteiras\" \/>\n<meta property=\"og:site_name\" content=\"JA Sa\u00fade Animal\" \/>\n<meta property=\"article:published_time\" content=\"2024-04-05T18:08:07+00:00\" \/>\n<meta property=\"article:modified_time\" content=\"2024-06-04T17:27:21+00:00\" \/>\n<meta property=\"og:image\" content=\"https:\/\/www.jasaudeanimal.com.br\/blog\/wp-content\/uploads\/2024\/04\/shutterstock_1086989897-scaled.jpg\" \/>\n\t<meta property=\"og:image:width\" content=\"2560\" \/>\n\t<meta property=\"og:image:height\" content=\"1707\" \/>\n\t<meta property=\"og:image:type\" content=\"image\/jpeg\" \/>\n<meta name=\"author\" content=\"Juliana Ferreira Melo\" \/>\n<meta name=\"twitter:card\" content=\"summary_large_image\" \/>\n<meta name=\"twitter:label1\" content=\"Escrito por\" \/>\n\t<meta name=\"twitter:data1\" content=\"Juliana Ferreira Melo\" \/>\n\t<meta name=\"twitter:label2\" content=\"Est. tempo de leitura\" \/>\n\t<meta name=\"twitter:data2\" content=\"5 minutos\" \/>\n<script type=\"application\/ld+json\" class=\"yoast-schema-graph\">{\"@context\":\"https:\/\/schema.org\",\"@graph\":[{\"@type\":\"Article\",\"@id\":\"https:\/\/www.jasaudeanimal.com.br\/blog\/desafios-do-periodo-de-transicao-em-vacas-leiteiras#article\",\"isPartOf\":{\"@id\":\"https:\/\/www.jasaudeanimal.com.br\/blog\/desafios-do-periodo-de-transicao-em-vacas-leiteiras\"},\"author\":{\"name\":\"Juliana Ferreira Melo\",\"@id\":\"https:\/\/www.jasaudeanimal.com.br\/blog\/#\/schema\/person\/0c3e3a96208238dd8da78a2aa872d57a\"},\"headline\":\"Desafios do Per\u00edodo de Transi\u00e7\u00e3o em Vacas Leiteiras\",\"datePublished\":\"2024-04-05T18:08:07+00:00\",\"dateModified\":\"2024-06-04T17:27:21+00:00\",\"mainEntityOfPage\":{\"@id\":\"https:\/\/www.jasaudeanimal.com.br\/blog\/desafios-do-periodo-de-transicao-em-vacas-leiteiras\"},\"wordCount\":1042,\"publisher\":{\"@id\":\"https:\/\/www.jasaudeanimal.com.br\/blog\/#organization\"},\"articleSection\":[\"Blog JA\"],\"inLanguage\":\"pt-BR\"},{\"@type\":\"WebPage\",\"@id\":\"https:\/\/www.jasaudeanimal.com.br\/blog\/desafios-do-periodo-de-transicao-em-vacas-leiteiras\",\"url\":\"https:\/\/www.jasaudeanimal.com.br\/blog\/desafios-do-periodo-de-transicao-em-vacas-leiteiras\",\"name\":\"Desafios do Per\u00edodo de Transi\u00e7\u00e3o em Vacas Leiteiras - JA Sa\u00fade Animal\",\"isPartOf\":{\"@id\":\"https:\/\/www.jasaudeanimal.com.br\/blog\/#website\"},\"datePublished\":\"2024-04-05T18:08:07+00:00\",\"dateModified\":\"2024-06-04T17:27:21+00:00\",\"breadcrumb\":{\"@id\":\"https:\/\/www.jasaudeanimal.com.br\/blog\/desafios-do-periodo-de-transicao-em-vacas-leiteiras#breadcrumb\"},\"inLanguage\":\"pt-BR\",\"potentialAction\":[{\"@type\":\"ReadAction\",\"target\":[\"https:\/\/www.jasaudeanimal.com.br\/blog\/desafios-do-periodo-de-transicao-em-vacas-leiteiras\"]}]},{\"@type\":\"BreadcrumbList\",\"@id\":\"https:\/\/www.jasaudeanimal.com.br\/blog\/desafios-do-periodo-de-transicao-em-vacas-leiteiras#breadcrumb\",\"itemListElement\":[{\"@type\":\"ListItem\",\"position\":1,\"name\":\"In\u00edcio\",\"item\":\"https:\/\/www.jasaudeanimal.com.br\/blog\"},{\"@type\":\"ListItem\",\"position\":2,\"name\":\"Desafios do Per\u00edodo de Transi\u00e7\u00e3o em Vacas Leiteiras\"}]},{\"@type\":\"WebSite\",\"@id\":\"https:\/\/www.jasaudeanimal.com.br\/blog\/#website\",\"url\":\"https:\/\/www.jasaudeanimal.com.br\/blog\/\",\"name\":\"JA Sa\u00fade Animal\",\"description\":\"Medicina Animal\",\"publisher\":{\"@id\":\"https:\/\/www.jasaudeanimal.com.br\/blog\/#organization\"},\"potentialAction\":[{\"@type\":\"SearchAction\",\"target\":{\"@type\":\"EntryPoint\",\"urlTemplate\":\"https:\/\/www.jasaudeanimal.com.br\/blog\/?s={search_term_string}\"},\"query-input\":\"required name=search_term_string\"}],\"inLanguage\":\"pt-BR\"},{\"@type\":\"Organization\",\"@id\":\"https:\/\/www.jasaudeanimal.com.br\/blog\/#organization\",\"name\":\"JA Sa\u00fade Animal\",\"url\":\"https:\/\/www.jasaudeanimal.com.br\/blog\/\",\"logo\":{\"@type\":\"ImageObject\",\"inLanguage\":\"pt-BR\",\"@id\":\"https:\/\/www.jasaudeanimal.com.br\/blog\/#\/schema\/logo\/image\/\",\"url\":\"https:\/\/www.jasaudeanimal.com.br\/blog\/wp-content\/uploads\/2022\/12\/cropped-LOGO_JA_NOVO_VERDE_Miniatura_150.png\",\"contentUrl\":\"https:\/\/www.jasaudeanimal.com.br\/blog\/wp-content\/uploads\/2022\/12\/cropped-LOGO_JA_NOVO_VERDE_Miniatura_150.png\",\"width\":150,\"height\":114,\"caption\":\"JA Sa\u00fade Animal\"},\"image\":{\"@id\":\"https:\/\/www.jasaudeanimal.com.br\/blog\/#\/schema\/logo\/image\/\"}},{\"@type\":\"Person\",\"@id\":\"https:\/\/www.jasaudeanimal.com.br\/blog\/#\/schema\/person\/0c3e3a96208238dd8da78a2aa872d57a\",\"name\":\"Juliana Ferreira Melo\",\"image\":{\"@type\":\"ImageObject\",\"inLanguage\":\"pt-BR\",\"@id\":\"https:\/\/www.jasaudeanimal.com.br\/blog\/#\/schema\/person\/image\/\",\"url\":\"https:\/\/secure.gravatar.com\/avatar\/0ddb30a8cf1e46c5734bd69653db440d?s=96&d=mm&r=g\",\"contentUrl\":\"https:\/\/secure.gravatar.com\/avatar\/0ddb30a8cf1e46c5734bd69653db440d?s=96&d=mm&r=g\",\"caption\":\"Juliana Ferreira Melo\"},\"url\":\"https:\/\/www.jasaudeanimal.com.br\/blog\/author\/julianamelo\"}]}<\/script>\n<!-- \/ Yoast SEO plugin. -->","yoast_head_json":{"title":"Desafios do Per\u00edodo de Transi\u00e7\u00e3o em Vacas Leiteiras - JA Sa\u00fade Animal","robots":{"index":"index","follow":"follow","max-snippet":"max-snippet:-1","max-image-preview":"max-image-preview:large","max-video-preview":"max-video-preview:-1"},"canonical":"https:\/\/www.jasaudeanimal.com.br\/blog\/desafios-do-periodo-de-transicao-em-vacas-leiteiras","og_locale":"pt_BR","og_type":"article","og_title":"Desafios do Per\u00edodo de Transi\u00e7\u00e3o em Vacas Leiteiras - JA Sa\u00fade Animal","og_description":"Neste artigo, exploraremos os desafios enfrentados pelas vacas produtoras de leite durante o per\u00edodo de transi\u00e7\u00e3o e as estrat\u00e9gias de manejo para super\u00e1-los com sucesso Introdu\u00e7\u00e3o O per\u00edodo de transi\u00e7\u00e3o \u00e9 uma fase cr\u00edtica na vida de uma vaca leiteira, compreendendo as tr\u00eas semanas antes &hellip;","og_url":"https:\/\/www.jasaudeanimal.com.br\/blog\/desafios-do-periodo-de-transicao-em-vacas-leiteiras","og_site_name":"JA Sa\u00fade Animal","article_published_time":"2024-04-05T18:08:07+00:00","article_modified_time":"2024-06-04T17:27:21+00:00","og_image":[{"width":2560,"height":1707,"url":"https:\/\/www.jasaudeanimal.com.br\/blog\/wp-content\/uploads\/2024\/04\/shutterstock_1086989897-scaled.jpg","type":"image\/jpeg"}],"author":"Juliana Ferreira Melo","twitter_card":"summary_large_image","twitter_misc":{"Escrito por":"Juliana Ferreira Melo","Est. tempo de leitura":"5 minutos"},"schema":{"@context":"https:\/\/schema.org","@graph":[{"@type":"Article","@id":"https:\/\/www.jasaudeanimal.com.br\/blog\/desafios-do-periodo-de-transicao-em-vacas-leiteiras#article","isPartOf":{"@id":"https:\/\/www.jasaudeanimal.com.br\/blog\/desafios-do-periodo-de-transicao-em-vacas-leiteiras"},"author":{"name":"Juliana Ferreira Melo","@id":"https:\/\/www.jasaudeanimal.com.br\/blog\/#\/schema\/person\/0c3e3a96208238dd8da78a2aa872d57a"},"headline":"Desafios do Per\u00edodo de Transi\u00e7\u00e3o em Vacas Leiteiras","datePublished":"2024-04-05T18:08:07+00:00","dateModified":"2024-06-04T17:27:21+00:00","mainEntityOfPage":{"@id":"https:\/\/www.jasaudeanimal.com.br\/blog\/desafios-do-periodo-de-transicao-em-vacas-leiteiras"},"wordCount":1042,"publisher":{"@id":"https:\/\/www.jasaudeanimal.com.br\/blog\/#organization"},"articleSection":["Blog JA"],"inLanguage":"pt-BR"},{"@type":"WebPage","@id":"https:\/\/www.jasaudeanimal.com.br\/blog\/desafios-do-periodo-de-transicao-em-vacas-leiteiras","url":"https:\/\/www.jasaudeanimal.com.br\/blog\/desafios-do-periodo-de-transicao-em-vacas-leiteiras","name":"Desafios do Per\u00edodo de Transi\u00e7\u00e3o em Vacas Leiteiras - JA Sa\u00fade Animal","isPartOf":{"@id":"https:\/\/www.jasaudeanimal.com.br\/blog\/#website"},"datePublished":"2024-04-05T18:08:07+00:00","dateModified":"2024-06-04T17:27:21+00:00","breadcrumb":{"@id":"https:\/\/www.jasaudeanimal.com.br\/blog\/desafios-do-periodo-de-transicao-em-vacas-leiteiras#breadcrumb"},"inLanguage":"pt-BR","potentialAction":[{"@type":"ReadAction","target":["https:\/\/www.jasaudeanimal.com.br\/blog\/desafios-do-periodo-de-transicao-em-vacas-leiteiras"]}]},{"@type":"BreadcrumbList","@id":"https:\/\/www.jasaudeanimal.com.br\/blog\/desafios-do-periodo-de-transicao-em-vacas-leiteiras#breadcrumb","itemListElement":[{"@type":"ListItem","position":1,"name":"In\u00edcio","item":"https:\/\/www.jasaudeanimal.com.br\/blog"},{"@type":"ListItem","position":2,"name":"Desafios do Per\u00edodo de Transi\u00e7\u00e3o em Vacas Leiteiras"}]},{"@type":"WebSite","@id":"https:\/\/www.jasaudeanimal.com.br\/blog\/#website","url":"https:\/\/www.jasaudeanimal.com.br\/blog\/","name":"JA Sa\u00fade Animal","description":"Medicina Animal","publisher":{"@id":"https:\/\/www.jasaudeanimal.com.br\/blog\/#organization"},"potentialAction":[{"@type":"SearchAction","target":{"@type":"EntryPoint","urlTemplate":"https:\/\/www.jasaudeanimal.com.br\/blog\/?s={search_term_string}"},"query-input":"required name=search_term_string"}],"inLanguage":"pt-BR"},{"@type":"Organization","@id":"https:\/\/www.jasaudeanimal.com.br\/blog\/#organization","name":"JA Sa\u00fade Animal","url":"https:\/\/www.jasaudeanimal.com.br\/blog\/","logo":{"@type":"ImageObject","inLanguage":"pt-BR","@id":"https:\/\/www.jasaudeanimal.com.br\/blog\/#\/schema\/logo\/image\/","url":"https:\/\/www.jasaudeanimal.com.br\/blog\/wp-content\/uploads\/2022\/12\/cropped-LOGO_JA_NOVO_VERDE_Miniatura_150.png","contentUrl":"https:\/\/www.jasaudeanimal.com.br\/blog\/wp-content\/uploads\/2022\/12\/cropped-LOGO_JA_NOVO_VERDE_Miniatura_150.png","width":150,"height":114,"caption":"JA Sa\u00fade Animal"},"image":{"@id":"https:\/\/www.jasaudeanimal.com.br\/blog\/#\/schema\/logo\/image\/"}},{"@type":"Person","@id":"https:\/\/www.jasaudeanimal.com.br\/blog\/#\/schema\/person\/0c3e3a96208238dd8da78a2aa872d57a","name":"Juliana Ferreira Melo","image":{"@type":"ImageObject","inLanguage":"pt-BR","@id":"https:\/\/www.jasaudeanimal.com.br\/blog\/#\/schema\/person\/image\/","url":"https:\/\/secure.gravatar.com\/avatar\/0ddb30a8cf1e46c5734bd69653db440d?s=96&d=mm&r=g","contentUrl":"https:\/\/secure.gravatar.com\/avatar\/0ddb30a8cf1e46c5734bd69653db440d?s=96&d=mm&r=g","caption":"Juliana Ferreira Melo"},"url":"https:\/\/www.jasaudeanimal.com.br\/blog\/author\/julianamelo"}]}},"_links":{"self":[{"href":"https:\/\/www.jasaudeanimal.com.br\/blog\/wp-json\/wp\/v2\/posts\/1458"}],"collection":[{"href":"https:\/\/www.jasaudeanimal.com.br\/blog\/wp-json\/wp\/v2\/posts"}],"about":[{"href":"https:\/\/www.jasaudeanimal.com.br\/blog\/wp-json\/wp\/v2\/types\/post"}],"author":[{"embeddable":true,"href":"https:\/\/www.jasaudeanimal.com.br\/blog\/wp-json\/wp\/v2\/users\/3"}],"replies":[{"embeddable":true,"href":"https:\/\/www.jasaudeanimal.com.br\/blog\/wp-json\/wp\/v2\/comments?post=1458"}],"version-history":[{"count":5,"href":"https:\/\/www.jasaudeanimal.com.br\/blog\/wp-json\/wp\/v2\/posts\/1458\/revisions"}],"predecessor-version":[{"id":1465,"href":"https:\/\/www.jasaudeanimal.com.br\/blog\/wp-json\/wp\/v2\/posts\/1458\/revisions\/1465"}],"wp:featuredmedia":[{"embeddable":true,"href":"https:\/\/www.jasaudeanimal.com.br\/blog\/wp-json\/wp\/v2\/media\/1463"}],"wp:attachment":[{"href":"https:\/\/www.jasaudeanimal.com.br\/blog\/wp-json\/wp\/v2\/media?parent=1458"}],"wp:term":[{"taxonomy":"category","embeddable":true,"href":"https:\/\/www.jasaudeanimal.com.br\/blog\/wp-json\/wp\/v2\/categories?post=1458"},{"taxonomy":"post_tag","embeddable":true,"href":"https:\/\/www.jasaudeanimal.com.br\/blog\/wp-json\/wp\/v2\/tags?post=1458"}],"curies":[{"name":"wp","href":"https:\/\/api.w.org\/{rel}","templated":true}]}}